{"id":2802,"date":"2024-06-16T17:53:52","date_gmt":"2024-06-16T17:53:52","guid":{"rendered":"http:\/\/limburg-schule.de\/?p=2802"},"modified":"2025-03-13T11:00:24","modified_gmt":"2025-03-13T11:00:24","slug":"praktikum-der-klasse-9-im-oktober-2016","status":"publish","type":"post","link":"https:\/\/limburg-schule.de\/?p=2802","title":{"rendered":"Praktika"},"content":{"rendered":"<p><img loading=\"lazy\" decoding=\"async\" class=\"alignnone wp-image-5033 size-thumbnail\" src=\"https:\/\/limburg-schule.de\/wp-content\/uploads\/2016\/10\/20230426_114619-150x150.jpg\" alt=\"\" width=\"150\" height=\"150\" \/><\/p>\n<p>\u00dcber zweiw\u00f6chige Betriebspraktika versuchen wir unseren Sch\u00fclern praktische Erfahrungen in der Arbeitswelt zu erm\u00f6glichen. Alle Praktika werden intensiv vorbereitet, begleitet und anschlie\u00dfend ausgewertet.<\/p>\n<p>In nicht wenigen F\u00e4llen bleibt der Kontakt zwischen Betrieb und Sch\u00fcler \u00fcber die Zeit an der Limburgschule hinaus bestehen und m\u00fcndet bestenfalls in einer Ausbildung.<\/p>\n<p><img loading=\"lazy\" decoding=\"async\" class=\"alignnone wp-image-5034 size-thumbnail\" src=\"https:\/\/limburg-schule.de\/wp-content\/uploads\/2016\/10\/signal-2023-04-27-12-28-25-709-150x150.jpg\" alt=\"\" width=\"150\" height=\"150\" \/><\/p>\n\n<p>&nbsp;<\/p>\n","protected":false},"excerpt":{"rendered":"<p>\u00dcber zweiw\u00f6chige Betriebspraktika versuchen wir unseren Sch\u00fclern praktische Erfahrungen in der Arbeitswelt zu erm\u00f6glichen. Alle Praktika werden intensiv vorbereitet, begleitet<\/p>\n","protected":false},"author":1,"featured_media":0,"comment_status":"closed","ping_status":"closed","sticky":false,"template":"","format":"standard","meta":{"colormag_page_layout":"default_layout","footnotes":""},"categories":[37,1],"tags":[],"class_list":["post-2802","post","type-post","status-publish","format-standard","hentry","category-betriebs-und-tagespraktika","category-uncategorized"],"_links":{"self":[{"href":"https:\/\/limburg-schule.de\/index.php?rest_route=\/wp\/v2\/posts\/2802","targetHints":{"allow":["GET"]}}],"collection":[{"href":"https:\/\/limburg-schule.de\/index.php?rest_route=\/wp\/v2\/posts"}],"about":[{"href":"https:\/\/limburg-schule.de\/index.php?rest_route=\/wp\/v2\/types\/post"}],"author":[{"embeddable":true,"href":"https:\/\/limburg-schule.de\/index.php?rest_route=\/wp\/v2\/users\/1"}],"replies":[{"embeddable":true,"href":"https:\/\/limburg-schule.de\/index.php?rest_route=%2Fwp%2Fv2%2Fcomments&post=2802"}],"version-history":[{"count":8,"href":"https:\/\/limburg-schule.de\/index.php?rest_route=\/wp\/v2\/posts\/2802\/revisions"}],"predecessor-version":[{"id":5596,"href":"https:\/\/limburg-schule.de\/index.php?rest_route=\/wp\/v2\/posts\/2802\/revisions\/5596"}],"wp:attachment":[{"href":"https:\/\/limburg-schule.de\/index.php?rest_route=%2Fwp%2Fv2%2Fmedia&parent=2802"}],"wp:term":[{"taxonomy":"category","embeddable":true,"href":"https:\/\/limburg-schule.de\/index.php?rest_route=%2Fwp%2Fv2%2Fcategories&post=2802"},{"taxonomy":"post_tag","embeddable":true,"href":"https:\/\/limburg-schule.de\/index.php?rest_route=%2Fwp%2Fv2%2Ftags&post=2802"}],"curies":[{"name":"wp","href":"https:\/\/api.w.org\/{rel}","templated":true}]}}