{"id":5668,"date":"2025-05-11T13:19:36","date_gmt":"2025-05-11T13:19:36","guid":{"rendered":"https:\/\/limburg-schule.de\/?p=5668"},"modified":"2025-05-11T13:31:58","modified_gmt":"2025-05-11T13:31:58","slug":"radfahrausbildung-an-der-limburgschule","status":"publish","type":"post","link":"https:\/\/limburg-schule.de\/?p=5668","title":{"rendered":"Radfahrausbildung an der Limburgschule"},"content":{"rendered":"<p>Die Radfahrausbildung der Klasse 4\/5 fand im Zeitraum von Februar bis Anfang Mai mit insgesamt 12 Sch\u00fclerinnen und Sch\u00fclern statt. Ziel der Ausbildung war es, den Kindern sicheres Verhalten im Stra\u00dfenverkehr zu vermitteln, sowie praktische F\u00e4higkeiten im Umgang mit dem Fahrrad zu f\u00f6rdern.<\/p>\n<p>Im theoretischen Teil im Unterricht wurden die wichtigsten Verkehrsregeln, Verkehrszeichen und das Verhalten an Kreuzungen und Zebrastreifen besprochen. Zudem lernten die Kinder das sichere Ausr\u00fcsten ihres Fahrrads und die Bedeutung von Helmen und reflektierender Kleidung kennen. Die Inhalte wurden mit Arbeitsheften, kurzen Filmen und interaktiven \u00dcbungen vertieft.<br \/>\nDie praktische Ausbildung fand auf dem nahegelegenen Verkehrs\u00fcbungsplatz statt. Unter Anleitung \u00fcbten die Kinder das sichere Anfahren, das richtige Verhalten beim Abbiegen sowie das Verhalten in typischen Verkehrssituationen. Am Ende der Einheit legten alle Sch\u00fclerinnen und Sch\u00fcler eine praktische Pr\u00fcfung ab.<br \/>\nAlle Sch\u00fcler nahmen motiviert und konzentriert teil. Die meisten zeigten bereits ein gutes Grundverst\u00e4ndnis und verbesserten ihr Fahrverhalten deutlich.<\/p>\n<p><span style=\"color: #0000ff;\">Bericht. R. Jessel<\/span><\/p>\n<div id='gallery-1' class='gallery galleryid-5668 gallery-columns-3 gallery-size-colormag-featured-image'><figure class='gallery-item'>\n\t\t\t<div class='gallery-icon landscape'>\n\t\t\t\t<a href='https:\/\/limburg-schule.de\/?attachment_id=5677'><img loading=\"lazy\" decoding=\"async\" width=\"800\" height=\"445\" src=\"https:\/\/limburg-schule.de\/wp-content\/uploads\/2025\/05\/signal-2025-05-06-21-21-23-0271-800x445.jpg\" class=\"attachment-colormag-featured-image size-colormag-featured-image\" alt=\"\" \/><\/a>\n\t\t\t<\/div><\/figure><figure class='gallery-item'>\n\t\t\t<div class='gallery-icon portrait'>\n\t\t\t\t<a href='https:\/\/limburg-schule.de\/?attachment_id=5678'><img loading=\"lazy\" decoding=\"async\" width=\"800\" height=\"445\" src=\"https:\/\/limburg-schule.de\/wp-content\/uploads\/2025\/05\/signal-2025-05-06-21-21-23-027-11-800x445.jpg\" class=\"attachment-colormag-featured-image size-colormag-featured-image\" alt=\"\" \/><\/a>\n\t\t\t<\/div><\/figure><figure class='gallery-item'>\n\t\t\t<div class='gallery-icon landscape'>\n\t\t\t\t<a href='https:\/\/limburg-schule.de\/?attachment_id=5679'><img loading=\"lazy\" decoding=\"async\" width=\"800\" height=\"445\" src=\"https:\/\/limburg-schule.de\/wp-content\/uploads\/2025\/05\/signal-2025-05-06-21-21-23-027-21-800x445.jpg\" class=\"attachment-colormag-featured-image size-colormag-featured-image\" alt=\"\" \/><\/a>\n\t\t\t<\/div><\/figure>\n\t\t<\/div>\n\n","protected":false},"excerpt":{"rendered":"<p>Die Radfahrausbildung der Klasse 4\/5 fand im Zeitraum von Februar bis Anfang Mai mit insgesamt 12 Sch\u00fclerinnen und Sch\u00fclern statt.<\/p>\n","protected":false},"author":1,"featured_media":0,"comment_status":"closed","ping_status":"closed","sticky":false,"template":"","format":"standard","meta":{"colormag_page_layout":"default_layout","footnotes":""},"categories":[48],"tags":[],"class_list":["post-5668","post","type-post","status-publish","format-standard","hentry","category-aktuelles"],"_links":{"self":[{"href":"https:\/\/limburg-schule.de\/index.php?rest_route=\/wp\/v2\/posts\/5668","targetHints":{"allow":["GET"]}}],"collection":[{"href":"https:\/\/limburg-schule.de\/index.php?rest_route=\/wp\/v2\/posts"}],"about":[{"href":"https:\/\/limburg-schule.de\/index.php?rest_route=\/wp\/v2\/types\/post"}],"author":[{"embeddable":true,"href":"https:\/\/limburg-schule.de\/index.php?rest_route=\/wp\/v2\/users\/1"}],"replies":[{"embeddable":true,"href":"https:\/\/limburg-schule.de\/index.php?rest_route=%2Fwp%2Fv2%2Fcomments&post=5668"}],"version-history":[{"count":2,"href":"https:\/\/limburg-schule.de\/index.php?rest_route=\/wp\/v2\/posts\/5668\/revisions"}],"predecessor-version":[{"id":5680,"href":"https:\/\/limburg-schule.de\/index.php?rest_route=\/wp\/v2\/posts\/5668\/revisions\/5680"}],"wp:attachment":[{"href":"https:\/\/limburg-schule.de\/index.php?rest_route=%2Fwp%2Fv2%2Fmedia&parent=5668"}],"wp:term":[{"taxonomy":"category","embeddable":true,"href":"https:\/\/limburg-schule.de\/index.php?rest_route=%2Fwp%2Fv2%2Fcategories&post=5668"},{"taxonomy":"post_tag","embeddable":true,"href":"https:\/\/limburg-schule.de\/index.php?rest_route=%2Fwp%2Fv2%2Ftags&post=5668"}],"curies":[{"name":"wp","href":"https:\/\/api.w.org\/{rel}","templated":true}]}}